{"id":36,"date":"2021-04-27T14:59:24","date_gmt":"2021-04-27T12:59:24","guid":{"rendered":"http:\/\/partnerschaft-am-friedhof.de\/wordpress\/?p=36"},"modified":"2021-04-29T10:53:27","modified_gmt":"2021-04-29T08:53:27","slug":"bestattungsvorsorge","status":"publish","type":"post","link":"http:\/\/partnerschaft-am-friedhof.de\/wordpress\/2021\/04\/27\/bestattungsvorsorge\/","title":{"rendered":"Bestattungsvorsorge"},"content":{"rendered":"\n<p>Vorsorge hei\u00dft:<\/p>\n\n\n\n<ul><li>Selbst bestimmen<\/li><li>Notwendiges regeln<\/li><li>Verantwortung in eigener Sache tragen<\/li><li>Angeh\u00f6rige entlasten<\/li><\/ul>\n\n\n\n<p>Es gibt eine Reihe von Gr\u00fcnden, sich um die letzten Dinge rechtzeitig zu k\u00fcmmern: Entweder m\u00f6chte man als Alleinstehender sicher sein, dass alles im eigenen Sinne getan wird. Oder aber, weil Verwandte und Freunde nicht direkt erreichbar sind.<br><br>Auch Ihre Angeh\u00f6rigen werden dieser L\u00f6sung aufgeschlossen gegen\u00fcberstehen, nimmt sie ihnen doch nach Eintritt des Trauerfalles viele M\u00fchen und ungewohnte Arbeiten ab. Immer mehr Menschen erkennen dies und treffen Vorsorge in Eigenverantwortung. <br><br>Wir stellen Ihre W\u00fcnsche f\u00fcr die Bestattung zusammen, und Sie erhalten nach Abschluss der Bestattungsvorsorge einen verbindlichen Vertrag. <br>Selbstverst\u00e4ndlich k\u00f6nnen Sie auch zur finanziellen Absicherung der Bestattungskosten bereits zu Lebzeiten Vorsorge treffen. <br><br>Wir bieten ihnen hierzu folgende M\u00f6glichkeiten an:<br><br>&#8211; Als Mitglied des Kuratorium Deutsche Bestattungskultur e.V. k\u00f6nnen Sie bei uns eine Sterbegeldversicherung \u00fcber einen zentral geschlossenen Gruppenversicherungsvertrag bei der N\u00fcrnberger Versicherung abschlie\u00dfen.<br><br>&#8211; Hinterlegung von Geldern auf ein Treuhandkonto bei der Deutschen Bestattungsvorsorge Treuhand AG<br><br>Zur finanziellen Absicherung der Grabpflege steht Ihnen \u00fcber einen Friedhofsg\u00e4rtner die Dauergrabpflege-Treuhandstelle e.G. zur Verf\u00fcgung.<\/p>\n","protected":false},"excerpt":{"rendered":"<p>Vorsorge hei\u00dft: Selbst bestimmen Notwendiges regeln Verantwortung in eigener Sache tragen Angeh\u00f6rige entlasten Es gibt eine Reihe von Gr\u00fcnden, sich um die letzten Dinge rechtzeitig zu k\u00fcmmern: Entweder m\u00f6chte man als Alleinstehender sicher sein, dass alles im eigenen Sinne getan wird. Oder aber, weil Verwandte und Freunde nicht direkt erreichbar sind. Auch Ihre Angeh\u00f6rigen werden &hellip; <\/p>\n<p class=\"link-more\"><a href=\"http:\/\/partnerschaft-am-friedhof.de\/wordpress\/2021\/04\/27\/bestattungsvorsorge\/\" class=\"more-link\"><span class=\"screen-reader-text\">\u201eBestattungsvorsorge\u201c<\/span> weiterlesen<\/a><\/p>\n","protected":false},"author":1,"featured_media":0,"comment_status":"open","ping_status":"open","sticky":false,"template":"","format":"standard","meta":[],"categories":[2],"tags":[],"_links":{"self":[{"href":"http:\/\/partnerschaft-am-friedhof.de\/wordpress\/wp-json\/wp\/v2\/posts\/36"}],"collection":[{"href":"http:\/\/partnerschaft-am-friedhof.de\/wordpress\/wp-json\/wp\/v2\/posts"}],"about":[{"href":"http:\/\/partnerschaft-am-friedhof.de\/wordpress\/wp-json\/wp\/v2\/types\/post"}],"author":[{"embeddable":true,"href":"http:\/\/partnerschaft-am-friedhof.de\/wordpress\/wp-json\/wp\/v2\/users\/1"}],"replies":[{"embeddable":true,"href":"http:\/\/partnerschaft-am-friedhof.de\/wordpress\/wp-json\/wp\/v2\/comments?post=36"}],"version-history":[{"count":3,"href":"http:\/\/partnerschaft-am-friedhof.de\/wordpress\/wp-json\/wp\/v2\/posts\/36\/revisions"}],"predecessor-version":[{"id":164,"href":"http:\/\/partnerschaft-am-friedhof.de\/wordpress\/wp-json\/wp\/v2\/posts\/36\/revisions\/164"}],"wp:attachment":[{"href":"http:\/\/partnerschaft-am-friedhof.de\/wordpress\/wp-json\/wp\/v2\/media?parent=36"}],"wp:term":[{"taxonomy":"category","embeddable":true,"href":"http:\/\/partnerschaft-am-friedhof.de\/wordpress\/wp-json\/wp\/v2\/categories?post=36"},{"taxonomy":"post_tag","embeddable":true,"href":"http:\/\/partnerschaft-am-friedhof.de\/wordpress\/wp-json\/wp\/v2\/tags?post=36"}],"curies":[{"name":"wp","href":"https:\/\/api.w.org\/{rel}","templated":true}]}}