{"id":38,"date":"2021-04-27T15:01:15","date_gmt":"2021-04-27T13:01:15","guid":{"rendered":"http:\/\/partnerschaft-am-friedhof.de\/wordpress\/?p=38"},"modified":"2021-04-29T10:55:48","modified_gmt":"2021-04-29T08:55:48","slug":"finanzielle-absicherung","status":"publish","type":"post","link":"http:\/\/partnerschaft-am-friedhof.de\/wordpress\/2021\/04\/27\/finanzielle-absicherung\/","title":{"rendered":"Finanzielle Absicherung"},"content":{"rendered":"\n<p>Selbstverst\u00e4ndlich k\u00f6nnen Sie zur finanziellen Absicherung der Bestattungskosten und der Grabpflegekosten bereits zu Lebzeiten Vorsorge treffen.<br>Hier stehen Sterbegeldversicherungen und Treuhandkonten zur Verf\u00fcgung.<br><br>Wir bieten folgende M\u00f6glichkeiten<\/p>\n\n\n\n<ul><li><a href=\"http:\/\/partnerschaft-am-friedhof.de\/index.php\/component\/content\/article?id=15&amp;Itemid=0\"><strong>Sterbegeldversicherung<\/strong><\/a><a href=\"http:\/\/partnerschaft-am-friedhof.de\/index.php\/component\/content\/article?id=15&amp;Itemid=0\"><\/a><a href=\"http:\/\/partnerschaft-am-friedhof.de\/index.php\/component\/content\/article?id=15&amp;Itemid=0\"><\/a><br>\u00dcber das Kuratorium Deutsche Bestattungskultur e.V., einen zentral geschlossenen Gruppenversicherungsvertrag bei der N\u00fcrnberger Versicherung AG<\/li><\/ul>\n\n\n\n<ul><li><a href=\"http:\/\/partnerschaft-am-friedhof.de\/index.php\/component\/content\/article?id=14&amp;Itemid=0\"><strong>Treuhandkonto Bestattung und Grabdenkmal<\/strong><\/a><a href=\"http:\/\/partnerschaft-am-friedhof.de\/index.php\/component\/content\/article?id=14&amp;Itemid=0\"><\/a><a href=\"http:\/\/partnerschaft-am-friedhof.de\/index.php\/component\/content\/article?id=14&amp;Itemid=0\"><\/a><br>\u00dcber die Deutsche Bestattungsvorsorge Treuhand AG<\/li><\/ul>\n\n\n\n<ul><li><a href=\"http:\/\/www.dauergrabpflege-saar.de\/\" target=\"_blank\" rel=\"noreferrer noopener\"><strong>Treuhandkonto Grabpflege<\/strong><\/a><a href=\"http:\/\/www.dauergrabpflege-saar.de\/\"><\/a><a href=\"http:\/\/www.dauergrabpflege-saar.de\/\" target=\"_blank\" rel=\"noreferrer noopener\"><\/a><br>Dauergrabpflege-Treuhandstelle e.G<\/li><\/ul>\n","protected":false},"excerpt":{"rendered":"<p>Selbstverst\u00e4ndlich k\u00f6nnen Sie zur finanziellen Absicherung der Bestattungskosten und der Grabpflegekosten bereits zu Lebzeiten Vorsorge treffen.Hier stehen Sterbegeldversicherungen und Treuhandkonten zur Verf\u00fcgung. Wir bieten folgende M\u00f6glichkeiten Sterbegeldversicherung\u00dcber das Kuratorium Deutsche Bestattungskultur e.V., einen zentral geschlossenen Gruppenversicherungsvertrag bei der N\u00fcrnberger Versicherung AG Treuhandkonto Bestattung und Grabdenkmal\u00dcber die Deutsche Bestattungsvorsorge Treuhand AG Treuhandkonto GrabpflegeDauergrabpflege-Treuhandstelle e.G<\/p>\n","protected":false},"author":1,"featured_media":0,"comment_status":"open","ping_status":"open","sticky":false,"template":"","format":"standard","meta":[],"categories":[1],"tags":[],"_links":{"self":[{"href":"http:\/\/partnerschaft-am-friedhof.de\/wordpress\/wp-json\/wp\/v2\/posts\/38"}],"collection":[{"href":"http:\/\/partnerschaft-am-friedhof.de\/wordpress\/wp-json\/wp\/v2\/posts"}],"about":[{"href":"http:\/\/partnerschaft-am-friedhof.de\/wordpress\/wp-json\/wp\/v2\/types\/post"}],"author":[{"embeddable":true,"href":"http:\/\/partnerschaft-am-friedhof.de\/wordpress\/wp-json\/wp\/v2\/users\/1"}],"replies":[{"embeddable":true,"href":"http:\/\/partnerschaft-am-friedhof.de\/wordpress\/wp-json\/wp\/v2\/comments?post=38"}],"version-history":[{"count":3,"href":"http:\/\/partnerschaft-am-friedhof.de\/wordpress\/wp-json\/wp\/v2\/posts\/38\/revisions"}],"predecessor-version":[{"id":166,"href":"http:\/\/partnerschaft-am-friedhof.de\/wordpress\/wp-json\/wp\/v2\/posts\/38\/revisions\/166"}],"wp:attachment":[{"href":"http:\/\/partnerschaft-am-friedhof.de\/wordpress\/wp-json\/wp\/v2\/media?parent=38"}],"wp:term":[{"taxonomy":"category","embeddable":true,"href":"http:\/\/partnerschaft-am-friedhof.de\/wordpress\/wp-json\/wp\/v2\/categories?post=38"},{"taxonomy":"post_tag","embeddable":true,"href":"http:\/\/partnerschaft-am-friedhof.de\/wordpress\/wp-json\/wp\/v2\/tags?post=38"}],"curies":[{"name":"wp","href":"https:\/\/api.w.org\/{rel}","templated":true}]}}