{"id":68,"date":"2021-04-27T15:39:24","date_gmt":"2021-04-27T13:39:24","guid":{"rendered":"http:\/\/partnerschaft-am-friedhof.de\/wordpress\/?p=68"},"modified":"2021-04-28T09:02:21","modified_gmt":"2021-04-28T07:02:21","slug":"sternengarten","status":"publish","type":"post","link":"http:\/\/partnerschaft-am-friedhof.de\/wordpress\/2021\/04\/27\/sternengarten\/","title":{"rendered":"Sternengarten"},"content":{"rendered":"\n<p>Weil auch kleinsten toten Kindern, Fr\u00fch- und Fehlgeburten das Recht auf eine Bestattung und auf eine Grabst\u00e4tte zusteht, hat die Partnerschaft am Friedhof den <strong>&#8222;Sternengarten&#8220;<\/strong> initiiert. <\/p>\n\n\n\n<p>In k\u00fcrzester Zeit wurden konstruktive Gespr\u00e4che mit dem Friedhofs- und Bestattungsbetrieb der Landeshauptstadt Saarbr\u00fccken, vertreten durch Herrn Kunzler, \u00fcber die Schaffung eines Totgeburtengrabfeldes auf dem Hauptfriedhof Saarbr\u00fccken gef\u00fchrt. <br>Anl\u00e4sslich des Tages des Friedhofes am 15. September 2002, der unter dem Motto &#8222;Bestattungskultur im Wandel der Zeit&#8220; auf dem Hauptfriedhof Saarbr\u00fccken statt fand, wurde ein Totgeburtengrabfeld in unmittelbarer N\u00e4he der neuen Einsegnungshalle eingeweiht. Die Einweihung nahmen die Geistlichen Franz-Josef Biesel (kath. Pfarrer der Basilika St. Johann) und Horst Heydt (evang. Pfarrer in Alt-Saarbr\u00fccken) vor.<\/p>\n\n\n\n<p>Die Kosten f\u00fcr das Grabdenkmal, eine durch die Fa. Fr. G\u00f6llner k\u00fcnstlerisch gestaltete Grabstelle, die Gehweganlage sowie die Grabbepflanzung und die weiter anfallenden Pflegekosten wurden von den Partnerfirmen \u00fcbernommen. <\/p>\n\n\n\n<p>F\u00fcr alle Eltern, die auf eine Individualbestattung verzichten und trotzdem einen w\u00fcrdigen Begr\u00e4bnisort f\u00fcr ihr totgeborenes Kind wissen wollen, wurde ein w\u00fcrdiger Platz geschaffen, an dem die Eltern und Angeh\u00f6rigen der Kinder ein Platz des Gedenkens finden.<\/p>\n","protected":false},"excerpt":{"rendered":"<p>Weil auch kleinsten toten Kindern, Fr\u00fch- und Fehlgeburten das Recht auf eine Bestattung und auf eine Grabst\u00e4tte zusteht, hat die Partnerschaft am Friedhof den &#8222;Sternengarten&#8220; initiiert. In k\u00fcrzester Zeit wurden konstruktive Gespr\u00e4che mit dem Friedhofs- und Bestattungsbetrieb der Landeshauptstadt Saarbr\u00fccken, vertreten durch Herrn Kunzler, \u00fcber die Schaffung eines Totgeburtengrabfeldes auf dem Hauptfriedhof Saarbr\u00fccken gef\u00fchrt. Anl\u00e4sslich &hellip; <\/p>\n<p class=\"link-more\"><a href=\"http:\/\/partnerschaft-am-friedhof.de\/wordpress\/2021\/04\/27\/sternengarten\/\" class=\"more-link\"><span class=\"screen-reader-text\">\u201eSternengarten\u201c<\/span> weiterlesen<\/a><\/p>\n","protected":false},"author":1,"featured_media":0,"comment_status":"open","ping_status":"open","sticky":false,"template":"","format":"standard","meta":[],"categories":[6],"tags":[],"_links":{"self":[{"href":"http:\/\/partnerschaft-am-friedhof.de\/wordpress\/wp-json\/wp\/v2\/posts\/68"}],"collection":[{"href":"http:\/\/partnerschaft-am-friedhof.de\/wordpress\/wp-json\/wp\/v2\/posts"}],"about":[{"href":"http:\/\/partnerschaft-am-friedhof.de\/wordpress\/wp-json\/wp\/v2\/types\/post"}],"author":[{"embeddable":true,"href":"http:\/\/partnerschaft-am-friedhof.de\/wordpress\/wp-json\/wp\/v2\/users\/1"}],"replies":[{"embeddable":true,"href":"http:\/\/partnerschaft-am-friedhof.de\/wordpress\/wp-json\/wp\/v2\/comments?post=68"}],"version-history":[{"count":3,"href":"http:\/\/partnerschaft-am-friedhof.de\/wordpress\/wp-json\/wp\/v2\/posts\/68\/revisions"}],"predecessor-version":[{"id":83,"href":"http:\/\/partnerschaft-am-friedhof.de\/wordpress\/wp-json\/wp\/v2\/posts\/68\/revisions\/83"}],"wp:attachment":[{"href":"http:\/\/partnerschaft-am-friedhof.de\/wordpress\/wp-json\/wp\/v2\/media?parent=68"}],"wp:term":[{"taxonomy":"category","embeddable":true,"href":"http:\/\/partnerschaft-am-friedhof.de\/wordpress\/wp-json\/wp\/v2\/categories?post=68"},{"taxonomy":"post_tag","embeddable":true,"href":"http:\/\/partnerschaft-am-friedhof.de\/wordpress\/wp-json\/wp\/v2\/tags?post=68"}],"curies":[{"name":"wp","href":"https:\/\/api.w.org\/{rel}","templated":true}]}}